{"id":2871,"date":"2025-01-02T08:13:10","date_gmt":"2025-01-02T08:13:10","guid":{"rendered":"https:\/\/residenciateran.com\/?p=2871"},"modified":"2025-01-02T08:13:42","modified_gmt":"2025-01-02T08:13:42","slug":"2871","status":"publish","type":"post","link":"https:\/\/residenciateran.com\/index.php\/2025\/01\/02\/2871\/","title":{"rendered":"CONCIERTOS NAVIDAD &#8217;24"},"content":{"rendered":"<p>\u00c9stas han sido las actuaciones que hemos tenido durante estos d\u00edas tan especiales del a\u00f1o. Todav\u00eda nos queda una y la estamos esperando con los brazos abiertos. \u00a1\u00a1\u00a1Navidad, Navidad dulce Navidad!!!<\/p>\n<p><img loading=\"lazy\" class=\"aligncenter size-medium wp-image-2838\" src=\"https:\/\/residenciateran.com\/wp-content\/uploads\/2024\/12\/RONDA-212x300.jpeg\" alt=\"\" width=\"212\" height=\"300\" srcset=\"https:\/\/residenciateran.com\/wp-content\/uploads\/2024\/12\/RONDA-212x300.jpeg 212w, https:\/\/residenciateran.com\/wp-content\/uploads\/2024\/12\/RONDA-723x1024.jpeg 723w, https:\/\/residenciateran.com\/wp-content\/uploads\/2024\/12\/RONDA-768x1088.jpeg 768w, https:\/\/residenciateran.com\/wp-content\/uploads\/2024\/12\/RONDA-1084x1536.jpeg 1084w, https:\/\/residenciateran.com\/wp-content\/uploads\/2024\/12\/RONDA.jpeg 1129w\" sizes=\"(max-width: 212px) 100vw, 212px\" \/><\/p>\n<p style=\"text-align: center;\">La Ronda Salines<\/p>\n<p><img loading=\"lazy\" class=\"aligncenter size-medium wp-image-2826\" src=\"https:\/\/residenciateran.com\/wp-content\/uploads\/2024\/12\/CORAL_VOCES-300x157.jpeg\" alt=\"\" width=\"300\" height=\"157\" srcset=\"https:\/\/residenciateran.com\/wp-content\/uploads\/2024\/12\/CORAL_VOCES-300x157.jpeg 300w, https:\/\/residenciateran.com\/wp-content\/uploads\/2024\/12\/CORAL_VOCES-1024x537.jpeg 1024w, https:\/\/residenciateran.com\/wp-content\/uploads\/2024\/12\/CORAL_VOCES-768x402.jpeg 768w, https:\/\/residenciateran.com\/wp-content\/uploads\/2024\/12\/CORAL_VOCES.jpeg 1170w\" sizes=\"(max-width: 300px) 100vw, 300px\" \/><\/p>\n<p style=\"text-align: center;\">Coral Voces C\u00e1ntabras<\/p>\n<p><img loading=\"lazy\" class=\"aligncenter size-medium wp-image-2825\" src=\"https:\/\/residenciateran.com\/wp-content\/uploads\/2024\/12\/CORAL_BACENILLAS-300x155.jpeg\" alt=\"\" width=\"300\" height=\"155\" srcset=\"https:\/\/residenciateran.com\/wp-content\/uploads\/2024\/12\/CORAL_BACENILLAS-300x155.jpeg 300w, https:\/\/residenciateran.com\/wp-content\/uploads\/2024\/12\/CORAL_BACENILLAS-1024x530.jpeg 1024w, https:\/\/residenciateran.com\/wp-content\/uploads\/2024\/12\/CORAL_BACENILLAS-768x397.jpeg 768w, https:\/\/residenciateran.com\/wp-content\/uploads\/2024\/12\/CORAL_BACENILLAS.jpeg 1170w\" sizes=\"(max-width: 300px) 100vw, 300px\" \/><\/p>\n<p style=\"text-align: center;\">Coro Joyulgatu Barcenillas<\/p>\n<p><img loading=\"lazy\" class=\"aligncenter size-medium wp-image-2872\" src=\"https:\/\/residenciateran.com\/wp-content\/uploads\/2025\/01\/IMG_CONCIERTO-300x158.jpg\" alt=\"\" width=\"300\" height=\"158\" srcset=\"https:\/\/residenciateran.com\/wp-content\/uploads\/2025\/01\/IMG_CONCIERTO-300x158.jpg 300w, https:\/\/residenciateran.com\/wp-content\/uploads\/2025\/01\/IMG_CONCIERTO.jpg 720w\" sizes=\"(max-width: 300px) 100vw, 300px\" \/><\/p>\n<p style=\"text-align: center;\">Coro Virgen del Campo<\/p>\n","protected":false},"excerpt":{"rendered":"<p>\u00c9stas han sido las actuaciones que hemos tenido durante estos d\u00edas tan especiales del a\u00f1o. Todav\u00eda nos queda una y la estamos [&hellip;]<\/p>\n","protected":false},"author":2,"featured_media":0,"comment_status":"open","ping_status":"open","sticky":false,"template":"","format":"standard","meta":{"_themeisle_gutenberg_block_has_review":false},"categories":[25],"tags":[32],"_links":{"self":[{"href":"https:\/\/residenciateran.com\/index.php\/wp-json\/wp\/v2\/posts\/2871"}],"collection":[{"href":"https:\/\/residenciateran.com\/index.php\/wp-json\/wp\/v2\/posts"}],"about":[{"href":"https:\/\/residenciateran.com\/index.php\/wp-json\/wp\/v2\/types\/post"}],"author":[{"embeddable":true,"href":"https:\/\/residenciateran.com\/index.php\/wp-json\/wp\/v2\/users\/2"}],"replies":[{"embeddable":true,"href":"https:\/\/residenciateran.com\/index.php\/wp-json\/wp\/v2\/comments?post=2871"}],"version-history":[{"count":2,"href":"https:\/\/residenciateran.com\/index.php\/wp-json\/wp\/v2\/posts\/2871\/revisions"}],"predecessor-version":[{"id":2874,"href":"https:\/\/residenciateran.com\/index.php\/wp-json\/wp\/v2\/posts\/2871\/revisions\/2874"}],"wp:attachment":[{"href":"https:\/\/residenciateran.com\/index.php\/wp-json\/wp\/v2\/media?parent=2871"}],"wp:term":[{"taxonomy":"category","embeddable":true,"href":"https:\/\/residenciateran.com\/index.php\/wp-json\/wp\/v2\/categories?post=2871"},{"taxonomy":"post_tag","embeddable":true,"href":"https:\/\/residenciateran.com\/index.php\/wp-json\/wp\/v2\/tags?post=2871"}],"curies":[{"name":"wp","href":"https:\/\/api.w.org\/{rel}","templated":true}]}}