{"id":2660,"date":"2023-10-09T11:49:54","date_gmt":"2023-10-09T11:49:54","guid":{"rendered":"https:\/\/residenciateran.com\/?p=2660"},"modified":"2023-10-09T11:49:54","modified_gmt":"2023-10-09T11:49:54","slug":"charlas-de-fisioterapia","status":"publish","type":"post","link":"https:\/\/residenciateran.com\/index.php\/2023\/10\/09\/charlas-de-fisioterapia\/","title":{"rendered":"CHARLAS DE FISIOTERAPIA"},"content":{"rendered":"<p>El departamento de fisioterapia de nuestra residencia puso en marcha hace un mes aproximadamente una nueva actividad para los residentes.<\/p>\n<p>A esta actividad la hemos denominado \u00abCHARLAS DE FISIOTERAPIA\u00bb, en las cuales participan nuestros residentes no s\u00f3lo como oyentes de las explicaciones de la fisioterapeuta si no de una\u00a0 manera activa respondiendo a sus preguntas, aportando datos o ejemplos del tema que ese d\u00eda se est\u00e9 tratando.<\/p>\n<p>El contenido de las charlas va siempre enfocado al abordaje de la fisioterapia en diferentes patolog\u00edas, afecciones, lesiones que esta disciplina puede abordar con su intervenci\u00f3n y tratamientos. Todo esto de forma muy sencilla para que los residentes lo entiendan perfectamente, para eso se intenta usar un lenguaje sencillo sin muchos tecnicismos, ejemplos, datos y dibujos en la pizarra, as\u00ed como unas fotocop\u00edas del tema de ese d\u00eda que se reparte\u00a0entre las diferentes plantas y el gimnasio, para todo aquel que quiera consultarlo cada vez que quiera.<\/p>\n<p>Adem\u00e1s son los propios residentes los que unos d\u00edas antes la fisioterapeuta les da la opci\u00f3n de elgir entre varios temas a tratar, los que a ellos les gustar\u00eda charlar o son m\u00e1s su inter\u00e9s.<\/p>\n<p>Al d\u00eda siguiente se le ofrece a los residentes que les apetezca unas preguntas tipo test de resoluci\u00f3n muy sencilla sobre el tema de la semana, manera de recordar un poco lo tratado y de pasar un rato entretenidos.<\/p>\n<p>Esta actividad se lleva a cabo todos los JUEVES a las 10:00 am en el sal\u00f3n de actos de la planta baja.<\/p>\n<p>La charla de esta semana ha sido : \u00bb El abordaje de la fisioterapia en las diferentes afecciones y patolog\u00edas de la articulaci\u00f3n de la rodilla\u00bb.<\/p>\n<p>&nbsp;<\/p>\n<p>\u00a1\u00a1MENTE ACTIVA, CUERPO ACTIVO!!.<\/p>\n<p>&nbsp;<\/p>\n<p><img loading=\"lazy\" class=\"alignnone size-medium wp-image-2672\" src=\"https:\/\/residenciateran.com\/wp-content\/uploads\/2023\/10\/ef30ba92-9a7a-4dd1-a899-5a066151c24e-300x225.jpg\" alt=\"\" width=\"300\" height=\"225\" srcset=\"https:\/\/residenciateran.com\/wp-content\/uploads\/2023\/10\/ef30ba92-9a7a-4dd1-a899-5a066151c24e-300x225.jpg 300w, https:\/\/residenciateran.com\/wp-content\/uploads\/2023\/10\/ef30ba92-9a7a-4dd1-a899-5a066151c24e-1024x768.jpg 1024w, https:\/\/residenciateran.com\/wp-content\/uploads\/2023\/10\/ef30ba92-9a7a-4dd1-a899-5a066151c24e-768x576.jpg 768w, https:\/\/residenciateran.com\/wp-content\/uploads\/2023\/10\/ef30ba92-9a7a-4dd1-a899-5a066151c24e-1536x1152.jpg 1536w, https:\/\/residenciateran.com\/wp-content\/uploads\/2023\/10\/ef30ba92-9a7a-4dd1-a899-5a066151c24e.jpg 2048w\" sizes=\"(max-width: 300px) 100vw, 300px\" \/><img loading=\"lazy\" class=\"alignnone size-medium wp-image-2666\" src=\"https:\/\/residenciateran.com\/wp-content\/uploads\/2023\/10\/5844379c-ecc4-4a68-a114-ea2e4d652e46-225x300.jpg\" alt=\"\" width=\"225\" height=\"300\" srcset=\"https:\/\/residenciateran.com\/wp-content\/uploads\/2023\/10\/5844379c-ecc4-4a68-a114-ea2e4d652e46-225x300.jpg 225w, https:\/\/residenciateran.com\/wp-content\/uploads\/2023\/10\/5844379c-ecc4-4a68-a114-ea2e4d652e46-768x1024.jpg 768w, https:\/\/residenciateran.com\/wp-content\/uploads\/2023\/10\/5844379c-ecc4-4a68-a114-ea2e4d652e46-1152x1536.jpg 1152w, https:\/\/residenciateran.com\/wp-content\/uploads\/2023\/10\/5844379c-ecc4-4a68-a114-ea2e4d652e46.jpg 1536w\" sizes=\"(max-width: 225px) 100vw, 225px\" \/><img loading=\"lazy\" class=\"alignnone size-medium wp-image-2673\" src=\"https:\/\/residenciateran.com\/wp-content\/uploads\/2023\/10\/d0c52936-e921-435e-bb02-bdba6137865a-225x300.jpg\" alt=\"\" width=\"225\" height=\"300\" srcset=\"https:\/\/residenciateran.com\/wp-content\/uploads\/2023\/10\/d0c52936-e921-435e-bb02-bdba6137865a-225x300.jpg 225w, https:\/\/residenciateran.com\/wp-content\/uploads\/2023\/10\/d0c52936-e921-435e-bb02-bdba6137865a-768x1024.jpg 768w, https:\/\/residenciateran.com\/wp-content\/uploads\/2023\/10\/d0c52936-e921-435e-bb02-bdba6137865a-1152x1536.jpg 1152w, https:\/\/residenciateran.com\/wp-content\/uploads\/2023\/10\/d0c52936-e921-435e-bb02-bdba6137865a.jpg 1536w\" sizes=\"(max-width: 225px) 100vw, 225px\" \/><\/p>\n","protected":false},"excerpt":{"rendered":"<p>El departamento de fisioterapia de nuestra residencia puso en marcha hace un mes aproximadamente una nueva actividad para los residentes. A esta [&hellip;]<\/p>\n","protected":false},"author":2,"featured_media":0,"comment_status":"open","ping_status":"open","sticky":false,"template":"","format":"standard","meta":{"_themeisle_gutenberg_block_has_review":false},"categories":[1],"tags":[],"_links":{"self":[{"href":"https:\/\/residenciateran.com\/index.php\/wp-json\/wp\/v2\/posts\/2660"}],"collection":[{"href":"https:\/\/residenciateran.com\/index.php\/wp-json\/wp\/v2\/posts"}],"about":[{"href":"https:\/\/residenciateran.com\/index.php\/wp-json\/wp\/v2\/types\/post"}],"author":[{"embeddable":true,"href":"https:\/\/residenciateran.com\/index.php\/wp-json\/wp\/v2\/users\/2"}],"replies":[{"embeddable":true,"href":"https:\/\/residenciateran.com\/index.php\/wp-json\/wp\/v2\/comments?post=2660"}],"version-history":[{"count":3,"href":"https:\/\/residenciateran.com\/index.php\/wp-json\/wp\/v2\/posts\/2660\/revisions"}],"predecessor-version":[{"id":2683,"href":"https:\/\/residenciateran.com\/index.php\/wp-json\/wp\/v2\/posts\/2660\/revisions\/2683"}],"wp:attachment":[{"href":"https:\/\/residenciateran.com\/index.php\/wp-json\/wp\/v2\/media?parent=2660"}],"wp:term":[{"taxonomy":"category","embeddable":true,"href":"https:\/\/residenciateran.com\/index.php\/wp-json\/wp\/v2\/categories?post=2660"},{"taxonomy":"post_tag","embeddable":true,"href":"https:\/\/residenciateran.com\/index.php\/wp-json\/wp\/v2\/tags?post=2660"}],"curies":[{"name":"wp","href":"https:\/\/api.w.org\/{rel}","templated":true}]}}