{"id":2600,"date":"2023-04-19T17:20:09","date_gmt":"2023-04-19T17:20:09","guid":{"rendered":"https:\/\/residenciateran.com\/?p=2600"},"modified":"2023-05-05T06:49:30","modified_gmt":"2023-05-05T06:49:30","slug":"programa-intergeneracional","status":"publish","type":"post","link":"https:\/\/residenciateran.com\/index.php\/2023\/04\/19\/programa-intergeneracional\/","title":{"rendered":"PROGRAMA INTERGENERACIONAL II"},"content":{"rendered":"<p>Aqu\u00ed os dejamos unas fotos de este d\u00eda tan maravilloso con los alumnos del colegio Manuel Llano de Ter\u00e1n. Han acudido a la Residencia Santa Ana para realizar unos cuadros junto con los Residentes e intercambiarselos para quedarse cada uno con un recuerdo.\u00a1Se lo han pasado genial!<\/p>\n<p><img loading=\"lazy\" class=\"alignnone size-medium wp-image-2605\" src=\"https:\/\/residenciateran.com\/wp-content\/uploads\/2023\/05\/WhatsApp-Image-2023-05-04-at-13.13.53-1-225x300.jpeg\" alt=\"\" width=\"225\" height=\"300\" srcset=\"https:\/\/residenciateran.com\/wp-content\/uploads\/2023\/05\/WhatsApp-Image-2023-05-04-at-13.13.53-1-225x300.jpeg 225w, https:\/\/residenciateran.com\/wp-content\/uploads\/2023\/05\/WhatsApp-Image-2023-05-04-at-13.13.53-1-768x1024.jpeg 768w, https:\/\/residenciateran.com\/wp-content\/uploads\/2023\/05\/WhatsApp-Image-2023-05-04-at-13.13.53-1-1152x1536.jpeg 1152w, https:\/\/residenciateran.com\/wp-content\/uploads\/2023\/05\/WhatsApp-Image-2023-05-04-at-13.13.53-1.jpeg 1536w\" sizes=\"(max-width: 225px) 100vw, 225px\" \/> <img loading=\"lazy\" class=\"alignnone size-medium wp-image-2606\" src=\"https:\/\/residenciateran.com\/wp-content\/uploads\/2023\/05\/WhatsApp-Image-2023-05-04-at-13.13.53-225x300.jpeg\" alt=\"\" width=\"225\" height=\"300\" srcset=\"https:\/\/residenciateran.com\/wp-content\/uploads\/2023\/05\/WhatsApp-Image-2023-05-04-at-13.13.53-225x300.jpeg 225w, https:\/\/residenciateran.com\/wp-content\/uploads\/2023\/05\/WhatsApp-Image-2023-05-04-at-13.13.53-768x1024.jpeg 768w, https:\/\/residenciateran.com\/wp-content\/uploads\/2023\/05\/WhatsApp-Image-2023-05-04-at-13.13.53-1152x1536.jpeg 1152w, https:\/\/residenciateran.com\/wp-content\/uploads\/2023\/05\/WhatsApp-Image-2023-05-04-at-13.13.53.jpeg 1536w\" sizes=\"(max-width: 225px) 100vw, 225px\" \/> <img loading=\"lazy\" class=\"alignnone size-medium wp-image-2608\" src=\"https:\/\/residenciateran.com\/wp-content\/uploads\/2023\/05\/DEP-300x300.jpeg\" alt=\"\" width=\"300\" height=\"300\" srcset=\"https:\/\/residenciateran.com\/wp-content\/uploads\/2023\/05\/DEP-300x300.jpeg 300w, https:\/\/residenciateran.com\/wp-content\/uploads\/2023\/05\/DEP-1024x1024.jpeg 1024w, https:\/\/residenciateran.com\/wp-content\/uploads\/2023\/05\/DEP-150x150.jpeg 150w, https:\/\/residenciateran.com\/wp-content\/uploads\/2023\/05\/DEP-768x769.jpeg 768w, https:\/\/residenciateran.com\/wp-content\/uploads\/2023\/05\/DEP-80x80.jpeg 80w, https:\/\/residenciateran.com\/wp-content\/uploads\/2023\/05\/DEP.jpeg 1185w\" sizes=\"(max-width: 300px) 100vw, 300px\" \/><\/p>\n","protected":false},"excerpt":{"rendered":"<p>Aqu\u00ed os dejamos unas fotos de este d\u00eda tan maravilloso con los alumnos del colegio Manuel Llano de Ter\u00e1n. Han acudido a [&hellip;]<\/p>\n","protected":false},"author":2,"featured_media":0,"comment_status":"open","ping_status":"open","sticky":false,"template":"","format":"standard","meta":{"_themeisle_gutenberg_block_has_review":false},"categories":[25],"tags":[],"_links":{"self":[{"href":"https:\/\/residenciateran.com\/index.php\/wp-json\/wp\/v2\/posts\/2600"}],"collection":[{"href":"https:\/\/residenciateran.com\/index.php\/wp-json\/wp\/v2\/posts"}],"about":[{"href":"https:\/\/residenciateran.com\/index.php\/wp-json\/wp\/v2\/types\/post"}],"author":[{"embeddable":true,"href":"https:\/\/residenciateran.com\/index.php\/wp-json\/wp\/v2\/users\/2"}],"replies":[{"embeddable":true,"href":"https:\/\/residenciateran.com\/index.php\/wp-json\/wp\/v2\/comments?post=2600"}],"version-history":[{"count":4,"href":"https:\/\/residenciateran.com\/index.php\/wp-json\/wp\/v2\/posts\/2600\/revisions"}],"predecessor-version":[{"id":2619,"href":"https:\/\/residenciateran.com\/index.php\/wp-json\/wp\/v2\/posts\/2600\/revisions\/2619"}],"wp:attachment":[{"href":"https:\/\/residenciateran.com\/index.php\/wp-json\/wp\/v2\/media?parent=2600"}],"wp:term":[{"taxonomy":"category","embeddable":true,"href":"https:\/\/residenciateran.com\/index.php\/wp-json\/wp\/v2\/categories?post=2600"},{"taxonomy":"post_tag","embeddable":true,"href":"https:\/\/residenciateran.com\/index.php\/wp-json\/wp\/v2\/tags?post=2600"}],"curies":[{"name":"wp","href":"https:\/\/api.w.org\/{rel}","templated":true}]}}